{"id":833,"date":"2023-08-01T15:52:18","date_gmt":"2023-08-01T21:52:18","guid":{"rendered":"https:\/\/jairocampos.com\/site\/?p=833"},"modified":"2023-08-01T15:53:53","modified_gmt":"2023-08-01T21:53:53","slug":"obra-de-performance-distraido-el-aire-da-vida","status":"publish","type":"post","link":"https:\/\/jairocampos.com\/site\/obra-de-performance-distraido-el-aire-da-vida\/","title":{"rendered":"Obra de Performance distraido: el aire da vida"},"content":{"rendered":"\n<p class=\"wp-block-paragraph\">Esta obra realizada en el 2019 durante una de mis primeras clases de conceptualizaci\u00f3n, sirvi\u00f3 para explorar el concepto de la obra distra\u00edda y un par de a\u00f1os despu\u00e9s el estudio del archivo de la misma me sirvi\u00f3 para entender aun mas las caracter\u00edsticas del performance en el arte, pero en aquellos primeros momentos escrib\u00ed lo siguiente:<\/p>\n\n\n\n<p class=\"wp-block-paragraph\">&#8220;Se liberar\u00e1n en el espacio publico globos esf\u00e9ricos con el objetivo de documentar la interacci\u00f3n del publico con ellos, la intenci\u00f3n es encontrar por medio del fotograma, momentos y formas escult\u00f3ricas (si es que llegan a ocurrir) puesto que al objeto esfera se le da la libertad de existir en el espacio libremente. <\/p>\n\n\n\n<p class=\"wp-block-paragraph\">Pierde as\u00ed pues su funci\u00f3n inicial y adquiere la que los transe\u00fantes le deseen infundir, quiz\u00e1s para algunos no sea mas que un dispositivo para el juego o quiz\u00e1s se convierta en una esfera que atente contra la vida de un particular. <\/p>\n\n\n\n<p class=\"wp-block-paragraph\">Existe la posibilidad de que se tope con alguien que desee privarle de su libertad, que se apropie de ella, por seguro, ignorar al objeto ser\u00e1 tarea dif\u00edcil.<\/p>\n\n\n\n<p class=\"wp-block-paragraph\">Por medio del registro, la pieza adquirir\u00e1 otro significado diferente al de la acci\u00f3n; se convierte en algo mas escult\u00f3rico y se despoja de sus propiedades caoticas para caer en la tranquilidad de algo contenido en su estado sucinto.<\/p>\n\n\n\n<figure class=\"wp-block-image aligncenter size-full\"><img fetchpriority=\"high\" decoding=\"async\" width=\"640\" height=\"750\" src=\"https:\/\/jairocampos.com\/site\/wp-content\/uploads\/2023\/08\/esfera_04.webp\" alt=\"\" class=\"wp-image-859\" srcset=\"https:\/\/jairocampos.com\/site\/wp-content\/uploads\/2023\/08\/esfera_04.webp 640w, https:\/\/jairocampos.com\/site\/wp-content\/uploads\/2023\/08\/esfera_04-256x300.webp 256w\" sizes=\"(max-width: 640px) 100vw, 640px\" \/><\/figure>\n\n\n\n<p class=\"wp-block-paragraph\">La acci\u00f3n art\u00edstica debe realizarse en d\u00edas en los que los espacios espec\u00edficos seleccionados tengan la mayor afluencia de gente posible.<br>El objeto esfera se liberar\u00e1 en dicho espacio publico, preferiblemente en parques y el archivista se volver\u00e1 an\u00f3nimo para el objeto.&#8221;<\/p>\n\n\n\n<div class=\"wp-block-columns is-layout-flex wp-container-core-columns-is-layout-7387b849 wp-block-columns-is-layout-flex\">\n<div class=\"wp-block-column is-layout-flow wp-block-column-is-layout-flow\" style=\"flex-basis:50%\">\n<figure class=\"wp-block-image size-full is-resized\"><img decoding=\"async\" src=\"https:\/\/jairocampos.com\/site\/wp-content\/uploads\/2023\/08\/esfera_03.webp\" alt=\"\" class=\"wp-image-858\" width=\"426\" height=\"499\" srcset=\"https:\/\/jairocampos.com\/site\/wp-content\/uploads\/2023\/08\/esfera_03.webp 640w, https:\/\/jairocampos.com\/site\/wp-content\/uploads\/2023\/08\/esfera_03-256x300.webp 256w\" sizes=\"(max-width: 426px) 100vw, 426px\" \/><\/figure>\n<\/div>\n\n\n\n<div class=\"wp-block-column is-layout-flow wp-block-column-is-layout-flow\" style=\"flex-basis:50%\">\n<figure class=\"wp-block-image size-full\"><img decoding=\"async\" width=\"640\" height=\"797\" src=\"https:\/\/jairocampos.com\/site\/wp-content\/uploads\/2023\/08\/esfera_07.webp\" alt=\"\" class=\"wp-image-862\" srcset=\"https:\/\/jairocampos.com\/site\/wp-content\/uploads\/2023\/08\/esfera_07.webp 640w, https:\/\/jairocampos.com\/site\/wp-content\/uploads\/2023\/08\/esfera_07-241x300.webp 241w\" sizes=\"(max-width: 640px) 100vw, 640px\" \/><\/figure>\n<\/div>\n<\/div>\n\n\n\n<p class=\"wp-block-paragraph\">Posterior a lo escrito arriba (2021), en otra asignatura me plantee encontrar la performatividad en la pieza y esto fue lo que escrib\u00ed al respecto:<\/p>\n\n\n\n<blockquote class=\"wp-block-quote is-layout-flow wp-block-quote-is-layout-flow\">\n<p class=\"wp-block-paragraph\">&#8220;Creo que es posible que la performatividad de esta pieza empiece desde la acci\u00f3n que conlleva transmitir mi vitalidad a los objetos seleccionados. En este caso, el objeto globo adquiere vida cuando le transfiero mi propia vitalidad en forma de aire in situ donde va a ser liberado.<\/p>\n\n\n\n<p class=\"wp-block-paragraph\">Posteriormente dir\u00eda que el hecho de que yo como creador decida otorgarle la libertad en un espacio determinado conlleva una practica meramente performativa, principalmente porque considero que la obra funciona en la b\u00fasqueda de que el objeto tome un sentido diferente para cada persona que interact\u00fae con el; para algunos individuos puede ser un simple globo, para otros una herramienta de recreaci\u00f3n, un arma mortal, etc.<\/p>\n\n\n\n<p class=\"wp-block-paragraph\">Su fin depende, para mi, de la libertad misma que adquiera el objeto y de como los transe\u00fantes decidan interactuar con el.&#8221;<\/p>\n<cite>Jairo Campos 2019<\/cite><\/blockquote>\n\n\n\n<p class=\"wp-block-paragraph\">Debo decir que hoy en d\u00eda, aquel ejercicio se convirti\u00f3 en una de mis piezas favoritas, tanto por la impredecibilidad de la misma, como por lo que en aquel entonces me parec\u00eda muy ex\u00f3tico: el poder del artista.<br>Creo que visualmente es una pieza muy interesante y la experiencia vivida al realizarla resulto serlo todav\u00eda mas pues me ayudo a entender mas facilmente la flexibilidad del performance al momento de producir arte, probablemente pronto sea momento para agregar contenido a la serie.<\/p>\n\n\n\n<figure class=\"wp-block-gallery has-nested-images columns-default is-cropped wp-block-gallery-1 is-layout-flex wp-block-gallery-is-layout-flex\">\n<figure class=\"wp-block-image size-large\"><img loading=\"lazy\" decoding=\"async\" width=\"640\" height=\"750\" data-id=\"856\" src=\"https:\/\/jairocampos.com\/site\/wp-content\/uploads\/2023\/08\/esfera_01.webp\" alt=\"\" class=\"wp-image-856\" srcset=\"https:\/\/jairocampos.com\/site\/wp-content\/uploads\/2023\/08\/esfera_01.webp 640w, https:\/\/jairocampos.com\/site\/wp-content\/uploads\/2023\/08\/esfera_01-256x300.webp 256w\" sizes=\"(max-width: 640px) 100vw, 640px\" \/><\/figure>\n\n\n\n<figure class=\"wp-block-image size-large\"><img loading=\"lazy\" decoding=\"async\" width=\"640\" height=\"797\" data-id=\"862\" src=\"https:\/\/jairocampos.com\/site\/wp-content\/uploads\/2023\/08\/esfera_07.webp\" alt=\"\" class=\"wp-image-862\" srcset=\"https:\/\/jairocampos.com\/site\/wp-content\/uploads\/2023\/08\/esfera_07.webp 640w, https:\/\/jairocampos.com\/site\/wp-content\/uploads\/2023\/08\/esfera_07-241x300.webp 241w\" sizes=\"(max-width: 640px) 100vw, 640px\" \/><\/figure>\n\n\n\n<figure class=\"wp-block-image size-large\"><img loading=\"lazy\" decoding=\"async\" width=\"640\" height=\"800\" data-id=\"861\" src=\"https:\/\/jairocampos.com\/site\/wp-content\/uploads\/2023\/08\/esfera_06.webp\" alt=\"\" class=\"wp-image-861\" srcset=\"https:\/\/jairocampos.com\/site\/wp-content\/uploads\/2023\/08\/esfera_06.webp 640w, https:\/\/jairocampos.com\/site\/wp-content\/uploads\/2023\/08\/esfera_06-240x300.webp 240w\" sizes=\"(max-width: 640px) 100vw, 640px\" \/><\/figure>\n\n\n\n<figure class=\"wp-block-image size-large\"><img loading=\"lazy\" decoding=\"async\" width=\"640\" height=\"797\" data-id=\"860\" src=\"https:\/\/jairocampos.com\/site\/wp-content\/uploads\/2023\/08\/esfera_05.webp\" alt=\"\" class=\"wp-image-860\" srcset=\"https:\/\/jairocampos.com\/site\/wp-content\/uploads\/2023\/08\/esfera_05.webp 640w, https:\/\/jairocampos.com\/site\/wp-content\/uploads\/2023\/08\/esfera_05-241x300.webp 241w\" sizes=\"(max-width: 640px) 100vw, 640px\" \/><\/figure>\n\n\n\n<figure class=\"wp-block-image size-large\"><img loading=\"lazy\" decoding=\"async\" width=\"640\" height=\"750\" data-id=\"859\" src=\"https:\/\/jairocampos.com\/site\/wp-content\/uploads\/2023\/08\/esfera_04.webp\" alt=\"\" class=\"wp-image-859\" srcset=\"https:\/\/jairocampos.com\/site\/wp-content\/uploads\/2023\/08\/esfera_04.webp 640w, https:\/\/jairocampos.com\/site\/wp-content\/uploads\/2023\/08\/esfera_04-256x300.webp 256w\" sizes=\"(max-width: 640px) 100vw, 640px\" \/><\/figure>\n\n\n\n<figure class=\"wp-block-image size-large\"><img loading=\"lazy\" decoding=\"async\" width=\"640\" height=\"750\" data-id=\"858\" src=\"https:\/\/jairocampos.com\/site\/wp-content\/uploads\/2023\/08\/esfera_03.webp\" alt=\"\" class=\"wp-image-858\" srcset=\"https:\/\/jairocampos.com\/site\/wp-content\/uploads\/2023\/08\/esfera_03.webp 640w, https:\/\/jairocampos.com\/site\/wp-content\/uploads\/2023\/08\/esfera_03-256x300.webp 256w\" sizes=\"(max-width: 640px) 100vw, 640px\" \/><\/figure>\n\n\n\n<figure class=\"wp-block-image size-large\"><img loading=\"lazy\" decoding=\"async\" width=\"640\" height=\"749\" data-id=\"857\" src=\"https:\/\/jairocampos.com\/site\/wp-content\/uploads\/2023\/08\/esfera_02.webp\" alt=\"\" class=\"wp-image-857\" srcset=\"https:\/\/jairocampos.com\/site\/wp-content\/uploads\/2023\/08\/esfera_02.webp 640w, https:\/\/jairocampos.com\/site\/wp-content\/uploads\/2023\/08\/esfera_02-256x300.webp 256w\" sizes=\"(max-width: 640px) 100vw, 640px\" \/><\/figure>\n<\/figure>\n","protected":false},"excerpt":{"rendered":"<p>Descripci\u00f3n y entendimientos de una obra de performance que navega explora la acci\u00f3n que conlleva transmitir parte de mi vitalidad al objeto esfera y brindarle libertad.<\/p>\n","protected":false},"author":1,"featured_media":860,"comment_status":"closed","ping_status":"open","sticky":false,"template":"","format":"standard","meta":{"footnotes":""},"categories":[27,55,52,60],"tags":[66,61,62,64,65,63,68,67,47,51],"class_list":["post-833","post","type-post","status-publish","format-standard","has-post-thumbnail","hentry","category-art","category-cortos","category-escritos","category-photography","tag-arte-accion","tag-arte-performativo","tag-conocimiento","tag-fotografia","tag-imagenes","tag-knowledge","tag-obra-distraida","tag-performance","tag-stories","tag-vida-de-artista"],"yoast_head":"<!-- This site is optimized with the Yoast SEO plugin v28.3 - https:\/\/yoast.com\/product\/yoast-seo-wordpress\/ -->\n<title>Obra de Performance distraido: el aire da vida - Jairo Campos<\/title>\n<meta name=\"description\" content=\"Obra de performance que navega explora la acci\u00f3n que conlleva transmitir parte de mi vitalidad al objeto esfera y brindarle libertad.\" \/>\n<meta name=\"robots\" content=\"index, follow, max-snippet:-1, max-image-preview:large, max-video-preview:-1\" \/>\n<link rel=\"canonical\" href=\"https:\/\/jairocampos.com\/site\/obra-de-performance-distraido-el-aire-da-vida\/\" \/>\n<meta property=\"og:locale\" content=\"en_US\" \/>\n<meta property=\"og:type\" content=\"article\" \/>\n<meta property=\"og:title\" content=\"Obra de Performance distraido: el aire da vida - Jairo Campos\" \/>\n<meta property=\"og:description\" content=\"Obra de performance que navega explora la acci\u00f3n que conlleva transmitir parte de mi vitalidad al objeto esfera y brindarle libertad.\" \/>\n<meta property=\"og:url\" content=\"https:\/\/jairocampos.com\/site\/obra-de-performance-distraido-el-aire-da-vida\/\" \/>\n<meta property=\"og:site_name\" content=\"Jairo Campos\" \/>\n<meta property=\"article:published_time\" content=\"2023-08-01T21:52:18+00:00\" \/>\n<meta property=\"article:modified_time\" content=\"2023-08-01T21:53:53+00:00\" \/>\n<meta property=\"og:image\" content=\"https:\/\/jairocampos.com\/site\/wp-content\/uploads\/2023\/08\/esfera_05.webp\" \/>\n\t<meta property=\"og:image:width\" content=\"640\" \/>\n\t<meta property=\"og:image:height\" content=\"797\" \/>\n\t<meta property=\"og:image:type\" content=\"image\/webp\" \/>\n<meta name=\"author\" content=\"Jairo Campos\" \/>\n<meta name=\"twitter:card\" content=\"summary_large_image\" \/>\n<meta name=\"twitter:label1\" content=\"Written by\" \/>\n\t<meta name=\"twitter:data1\" content=\"Jairo Campos\" \/>\n\t<meta name=\"twitter:label2\" content=\"Est. reading time\" \/>\n\t<meta name=\"twitter:data2\" content=\"4 minutes\" \/>\n<script type=\"application\/ld+json\" class=\"yoast-schema-graph\">{\"@context\":\"https:\\\/\\\/schema.org\",\"@graph\":[{\"@type\":\"Article\",\"@id\":\"https:\\\/\\\/jairocampos.com\\\/site\\\/obra-de-performance-distraido-el-aire-da-vida\\\/#article\",\"isPartOf\":{\"@id\":\"https:\\\/\\\/jairocampos.com\\\/site\\\/obra-de-performance-distraido-el-aire-da-vida\\\/\"},\"author\":{\"name\":\"Jairo Campos\",\"@id\":\"https:\\\/\\\/jairocampos.com\\\/site\\\/#\\\/schema\\\/person\\\/e217435e5161437de6b76afe79a3e18b\"},\"headline\":\"Obra de Performance distraido: el aire da vida\",\"datePublished\":\"2023-08-01T21:52:18+00:00\",\"dateModified\":\"2023-08-01T21:53:53+00:00\",\"mainEntityOfPage\":{\"@id\":\"https:\\\/\\\/jairocampos.com\\\/site\\\/obra-de-performance-distraido-el-aire-da-vida\\\/\"},\"wordCount\":544,\"publisher\":{\"@id\":\"https:\\\/\\\/jairocampos.com\\\/site\\\/#\\\/schema\\\/person\\\/e217435e5161437de6b76afe79a3e18b\"},\"image\":{\"@id\":\"https:\\\/\\\/jairocampos.com\\\/site\\\/obra-de-performance-distraido-el-aire-da-vida\\\/#primaryimage\"},\"thumbnailUrl\":\"https:\\\/\\\/jairocampos.com\\\/site\\\/wp-content\\\/uploads\\\/2023\\\/08\\\/esfera_05.webp\",\"keywords\":[\"arte acci\u00f3n\",\"arte performativo\",\"conocimiento\",\"fotografia\",\"imagenes\",\"knowledge\",\"obra distraida\",\"performance\",\"stories\",\"vida de artista\"],\"articleSection\":[\"art\",\"cortos\",\"escritos\",\"photography\"],\"inLanguage\":\"en-US\"},{\"@type\":\"WebPage\",\"@id\":\"https:\\\/\\\/jairocampos.com\\\/site\\\/obra-de-performance-distraido-el-aire-da-vida\\\/\",\"url\":\"https:\\\/\\\/jairocampos.com\\\/site\\\/obra-de-performance-distraido-el-aire-da-vida\\\/\",\"name\":\"Obra de Performance distraido: el aire da vida - Jairo Campos\",\"isPartOf\":{\"@id\":\"https:\\\/\\\/jairocampos.com\\\/site\\\/#website\"},\"primaryImageOfPage\":{\"@id\":\"https:\\\/\\\/jairocampos.com\\\/site\\\/obra-de-performance-distraido-el-aire-da-vida\\\/#primaryimage\"},\"image\":{\"@id\":\"https:\\\/\\\/jairocampos.com\\\/site\\\/obra-de-performance-distraido-el-aire-da-vida\\\/#primaryimage\"},\"thumbnailUrl\":\"https:\\\/\\\/jairocampos.com\\\/site\\\/wp-content\\\/uploads\\\/2023\\\/08\\\/esfera_05.webp\",\"datePublished\":\"2023-08-01T21:52:18+00:00\",\"dateModified\":\"2023-08-01T21:53:53+00:00\",\"description\":\"Obra de performance que navega explora la acci\u00f3n que conlleva transmitir parte de mi vitalidad al objeto esfera y brindarle libertad.\",\"breadcrumb\":{\"@id\":\"https:\\\/\\\/jairocampos.com\\\/site\\\/obra-de-performance-distraido-el-aire-da-vida\\\/#breadcrumb\"},\"inLanguage\":\"en-US\",\"potentialAction\":[{\"@type\":\"ReadAction\",\"target\":[\"https:\\\/\\\/jairocampos.com\\\/site\\\/obra-de-performance-distraido-el-aire-da-vida\\\/\"]}]},{\"@type\":\"ImageObject\",\"inLanguage\":\"en-US\",\"@id\":\"https:\\\/\\\/jairocampos.com\\\/site\\\/obra-de-performance-distraido-el-aire-da-vida\\\/#primaryimage\",\"url\":\"https:\\\/\\\/jairocampos.com\\\/site\\\/wp-content\\\/uploads\\\/2023\\\/08\\\/esfera_05.webp\",\"contentUrl\":\"https:\\\/\\\/jairocampos.com\\\/site\\\/wp-content\\\/uploads\\\/2023\\\/08\\\/esfera_05.webp\",\"width\":640,\"height\":797},{\"@type\":\"BreadcrumbList\",\"@id\":\"https:\\\/\\\/jairocampos.com\\\/site\\\/obra-de-performance-distraido-el-aire-da-vida\\\/#breadcrumb\",\"itemListElement\":[{\"@type\":\"ListItem\",\"position\":1,\"name\":\"Home\",\"item\":\"https:\\\/\\\/jairocampos.com\\\/site\\\/\"},{\"@type\":\"ListItem\",\"position\":2,\"name\":\"Obra de Performance distraido: el aire da vida\"}]},{\"@type\":\"WebSite\",\"@id\":\"https:\\\/\\\/jairocampos.com\\\/site\\\/#website\",\"url\":\"https:\\\/\\\/jairocampos.com\\\/site\\\/\",\"name\":\"Jairo Campos Portfolio\",\"description\":\"Visual Artist \u00d7 Graphic Designer\",\"publisher\":{\"@id\":\"https:\\\/\\\/jairocampos.com\\\/site\\\/#\\\/schema\\\/person\\\/e217435e5161437de6b76afe79a3e18b\"},\"potentialAction\":[{\"@type\":\"SearchAction\",\"target\":{\"@type\":\"EntryPoint\",\"urlTemplate\":\"https:\\\/\\\/jairocampos.com\\\/site\\\/?s={search_term_string}\"},\"query-input\":{\"@type\":\"PropertyValueSpecification\",\"valueRequired\":true,\"valueName\":\"search_term_string\"}}],\"inLanguage\":\"en-US\"},{\"@type\":[\"Person\",\"Organization\"],\"@id\":\"https:\\\/\\\/jairocampos.com\\\/site\\\/#\\\/schema\\\/person\\\/e217435e5161437de6b76afe79a3e18b\",\"name\":\"Jairo Campos\",\"image\":{\"@type\":\"ImageObject\",\"inLanguage\":\"en-US\",\"@id\":\"https:\\\/\\\/secure.gravatar.com\\\/avatar\\\/bcd8323841e8693231d062515b3c1852700a5884c9b2bc43ca4f49d5e5c77e96?s=96&d=mm&r=g\",\"url\":\"https:\\\/\\\/secure.gravatar.com\\\/avatar\\\/bcd8323841e8693231d062515b3c1852700a5884c9b2bc43ca4f49d5e5c77e96?s=96&d=mm&r=g\",\"contentUrl\":\"https:\\\/\\\/secure.gravatar.com\\\/avatar\\\/bcd8323841e8693231d062515b3c1852700a5884c9b2bc43ca4f49d5e5c77e96?s=96&d=mm&r=g\",\"caption\":\"Jairo Campos\"},\"logo\":{\"@id\":\"https:\\\/\\\/secure.gravatar.com\\\/avatar\\\/bcd8323841e8693231d062515b3c1852700a5884c9b2bc43ca4f49d5e5c77e96?s=96&d=mm&r=g\"},\"sameAs\":[\"https:\\\/\\\/jairocampos.com\\\/\",\"https:\\\/\\\/www.instagram.com\\\/real.jairus\"],\"url\":\"https:\\\/\\\/jairocampos.com\\\/site\\\/author\\\/jach\\\/\"}]}<\/script>\n<!-- \/ Yoast SEO plugin. -->","yoast_head_json":{"title":"Obra de Performance distraido: el aire da vida - Jairo Campos","description":"Obra de performance que navega explora la acci\u00f3n que conlleva transmitir parte de mi vitalidad al objeto esfera y brindarle libertad.","robots":{"index":"index","follow":"follow","max-snippet":"max-snippet:-1","max-image-preview":"max-image-preview:large","max-video-preview":"max-video-preview:-1"},"canonical":"https:\/\/jairocampos.com\/site\/obra-de-performance-distraido-el-aire-da-vida\/","og_locale":"en_US","og_type":"article","og_title":"Obra de Performance distraido: el aire da vida - Jairo Campos","og_description":"Obra de performance que navega explora la acci\u00f3n que conlleva transmitir parte de mi vitalidad al objeto esfera y brindarle libertad.","og_url":"https:\/\/jairocampos.com\/site\/obra-de-performance-distraido-el-aire-da-vida\/","og_site_name":"Jairo Campos","article_published_time":"2023-08-01T21:52:18+00:00","article_modified_time":"2023-08-01T21:53:53+00:00","og_image":[{"width":640,"height":797,"url":"https:\/\/jairocampos.com\/site\/wp-content\/uploads\/2023\/08\/esfera_05.webp","type":"image\/webp"}],"author":"Jairo Campos","twitter_card":"summary_large_image","twitter_misc":{"Written by":"Jairo Campos","Est. reading time":"4 minutes"},"schema":{"@context":"https:\/\/schema.org","@graph":[{"@type":"Article","@id":"https:\/\/jairocampos.com\/site\/obra-de-performance-distraido-el-aire-da-vida\/#article","isPartOf":{"@id":"https:\/\/jairocampos.com\/site\/obra-de-performance-distraido-el-aire-da-vida\/"},"author":{"name":"Jairo Campos","@id":"https:\/\/jairocampos.com\/site\/#\/schema\/person\/e217435e5161437de6b76afe79a3e18b"},"headline":"Obra de Performance distraido: el aire da vida","datePublished":"2023-08-01T21:52:18+00:00","dateModified":"2023-08-01T21:53:53+00:00","mainEntityOfPage":{"@id":"https:\/\/jairocampos.com\/site\/obra-de-performance-distraido-el-aire-da-vida\/"},"wordCount":544,"publisher":{"@id":"https:\/\/jairocampos.com\/site\/#\/schema\/person\/e217435e5161437de6b76afe79a3e18b"},"image":{"@id":"https:\/\/jairocampos.com\/site\/obra-de-performance-distraido-el-aire-da-vida\/#primaryimage"},"thumbnailUrl":"https:\/\/jairocampos.com\/site\/wp-content\/uploads\/2023\/08\/esfera_05.webp","keywords":["arte acci\u00f3n","arte performativo","conocimiento","fotografia","imagenes","knowledge","obra distraida","performance","stories","vida de artista"],"articleSection":["art","cortos","escritos","photography"],"inLanguage":"en-US"},{"@type":"WebPage","@id":"https:\/\/jairocampos.com\/site\/obra-de-performance-distraido-el-aire-da-vida\/","url":"https:\/\/jairocampos.com\/site\/obra-de-performance-distraido-el-aire-da-vida\/","name":"Obra de Performance distraido: el aire da vida - Jairo Campos","isPartOf":{"@id":"https:\/\/jairocampos.com\/site\/#website"},"primaryImageOfPage":{"@id":"https:\/\/jairocampos.com\/site\/obra-de-performance-distraido-el-aire-da-vida\/#primaryimage"},"image":{"@id":"https:\/\/jairocampos.com\/site\/obra-de-performance-distraido-el-aire-da-vida\/#primaryimage"},"thumbnailUrl":"https:\/\/jairocampos.com\/site\/wp-content\/uploads\/2023\/08\/esfera_05.webp","datePublished":"2023-08-01T21:52:18+00:00","dateModified":"2023-08-01T21:53:53+00:00","description":"Obra de performance que navega explora la acci\u00f3n que conlleva transmitir parte de mi vitalidad al objeto esfera y brindarle libertad.","breadcrumb":{"@id":"https:\/\/jairocampos.com\/site\/obra-de-performance-distraido-el-aire-da-vida\/#breadcrumb"},"inLanguage":"en-US","potentialAction":[{"@type":"ReadAction","target":["https:\/\/jairocampos.com\/site\/obra-de-performance-distraido-el-aire-da-vida\/"]}]},{"@type":"ImageObject","inLanguage":"en-US","@id":"https:\/\/jairocampos.com\/site\/obra-de-performance-distraido-el-aire-da-vida\/#primaryimage","url":"https:\/\/jairocampos.com\/site\/wp-content\/uploads\/2023\/08\/esfera_05.webp","contentUrl":"https:\/\/jairocampos.com\/site\/wp-content\/uploads\/2023\/08\/esfera_05.webp","width":640,"height":797},{"@type":"BreadcrumbList","@id":"https:\/\/jairocampos.com\/site\/obra-de-performance-distraido-el-aire-da-vida\/#breadcrumb","itemListElement":[{"@type":"ListItem","position":1,"name":"Home","item":"https:\/\/jairocampos.com\/site\/"},{"@type":"ListItem","position":2,"name":"Obra de Performance distraido: el aire da vida"}]},{"@type":"WebSite","@id":"https:\/\/jairocampos.com\/site\/#website","url":"https:\/\/jairocampos.com\/site\/","name":"Jairo Campos Portfolio","description":"Visual Artist \u00d7 Graphic Designer","publisher":{"@id":"https:\/\/jairocampos.com\/site\/#\/schema\/person\/e217435e5161437de6b76afe79a3e18b"},"potentialAction":[{"@type":"SearchAction","target":{"@type":"EntryPoint","urlTemplate":"https:\/\/jairocampos.com\/site\/?s={search_term_string}"},"query-input":{"@type":"PropertyValueSpecification","valueRequired":true,"valueName":"search_term_string"}}],"inLanguage":"en-US"},{"@type":["Person","Organization"],"@id":"https:\/\/jairocampos.com\/site\/#\/schema\/person\/e217435e5161437de6b76afe79a3e18b","name":"Jairo Campos","image":{"@type":"ImageObject","inLanguage":"en-US","@id":"https:\/\/secure.gravatar.com\/avatar\/bcd8323841e8693231d062515b3c1852700a5884c9b2bc43ca4f49d5e5c77e96?s=96&d=mm&r=g","url":"https:\/\/secure.gravatar.com\/avatar\/bcd8323841e8693231d062515b3c1852700a5884c9b2bc43ca4f49d5e5c77e96?s=96&d=mm&r=g","contentUrl":"https:\/\/secure.gravatar.com\/avatar\/bcd8323841e8693231d062515b3c1852700a5884c9b2bc43ca4f49d5e5c77e96?s=96&d=mm&r=g","caption":"Jairo Campos"},"logo":{"@id":"https:\/\/secure.gravatar.com\/avatar\/bcd8323841e8693231d062515b3c1852700a5884c9b2bc43ca4f49d5e5c77e96?s=96&d=mm&r=g"},"sameAs":["https:\/\/jairocampos.com\/","https:\/\/www.instagram.com\/real.jairus"],"url":"https:\/\/jairocampos.com\/site\/author\/jach\/"}]}},"_links":{"self":[{"href":"https:\/\/jairocampos.com\/site\/wp-json\/wp\/v2\/posts\/833","targetHints":{"allow":["GET"]}}],"collection":[{"href":"https:\/\/jairocampos.com\/site\/wp-json\/wp\/v2\/posts"}],"about":[{"href":"https:\/\/jairocampos.com\/site\/wp-json\/wp\/v2\/types\/post"}],"author":[{"embeddable":true,"href":"https:\/\/jairocampos.com\/site\/wp-json\/wp\/v2\/users\/1"}],"replies":[{"embeddable":true,"href":"https:\/\/jairocampos.com\/site\/wp-json\/wp\/v2\/comments?post=833"}],"version-history":[{"count":4,"href":"https:\/\/jairocampos.com\/site\/wp-json\/wp\/v2\/posts\/833\/revisions"}],"predecessor-version":[{"id":865,"href":"https:\/\/jairocampos.com\/site\/wp-json\/wp\/v2\/posts\/833\/revisions\/865"}],"wp:featuredmedia":[{"embeddable":true,"href":"https:\/\/jairocampos.com\/site\/wp-json\/wp\/v2\/media\/860"}],"wp:attachment":[{"href":"https:\/\/jairocampos.com\/site\/wp-json\/wp\/v2\/media?parent=833"}],"wp:term":[{"taxonomy":"category","embeddable":true,"href":"https:\/\/jairocampos.com\/site\/wp-json\/wp\/v2\/categories?post=833"},{"taxonomy":"post_tag","embeddable":true,"href":"https:\/\/jairocampos.com\/site\/wp-json\/wp\/v2\/tags?post=833"}],"curies":[{"name":"wp","href":"https:\/\/api.w.org\/{rel}","templated":true}]}}