{"id":584,"date":"2019-02-20T22:30:00","date_gmt":"2019-02-21T04:30:00","guid":{"rendered":"https:\/\/jairocampos.com\/site\/?p=584"},"modified":"2023-07-22T17:16:17","modified_gmt":"2023-07-22T23:16:17","slug":"caminat","status":"publish","type":"post","link":"https:\/\/jairocampos.com\/site\/caminat\/","title":{"rendered":"La caminata"},"content":{"rendered":"\n<p class=\"wp-block-paragraph\">Puedo decir que para mi, la caminata es una forma de escape.<\/p>\n\n\n\n<p class=\"wp-block-paragraph\">Hace ya varios a\u00f1os que inicie a caminar como forma de meditaci\u00f3n y como herramienta de producci\u00f3n. En un inicio, las caminatas eran mi excusa perfecta para alejarme de las vibras de mi hogar y de un momento a otro me empece a hacer peque\u00f1os h\u00e1bitos contemplativos. Empece a notar la invasi\u00f3n a la privacidad que podemos hacer al mirar hacia una ventana de una casa, las peque\u00f1as escenas que se suscitan, mismas que si las comparamos con las que nosotros vivimos nos llegan a mostrar lo moldeable que somos los humanos por la sociedad.<\/p>\n\n\n\n<p class=\"wp-block-paragraph\">Sin embargo, cuando comenc\u00e9 a a\u00f1adir a mis caminatas el incentivo de poder anestesiar mis pensamientos con ganja (marihuana), comenc\u00e9 a apreciar y a capturar en im\u00e1genes la cotidianidad que se nos oculta a causa de prisas y distracciones banales que nos imponemos. La caminata se volvi\u00f3 as\u00ed, no solo en un escape del hogar, se torno en una forma de meditaci\u00f3n, en un m\u00e9todo de an\u00e1lisis sociol\u00f3gico y sobre todo en una forma de exposici\u00f3n a la vulnerabilidad porque es en la calle en donde somos mas vulnerables\u2026 y mas, si llevas una c\u00e1mara contigo.<\/p>\n\n\n\n<figure class=\"wp-block-embed is-type-video is-provider-youtube wp-block-embed-youtube wp-embed-aspect-16-9 wp-has-aspect-ratio\"><div class=\"wp-block-embed__wrapper\">\n<iframe title=\"HIPSTAMATIC CIUDAD DEL CARMEN - VI.MX\" width=\"800\" height=\"450\" src=\"https:\/\/www.youtube.com\/embed\/soa7xPdiL-g?feature=oembed\" frameborder=\"0\" allow=\"accelerometer; autoplay; clipboard-write; encrypted-media; gyroscope; picture-in-picture; web-share\" allowfullscreen><\/iframe>\n<\/div><\/figure>\n","protected":false},"excerpt":{"rendered":"<p>Una peque\u00f1a historia de como comence a caminar conscientemente.<\/p>\n","protected":false},"author":1,"featured_media":585,"comment_status":"closed","ping_status":"open","sticky":false,"template":"","format":"standard","meta":{"footnotes":""},"categories":[43,44,45],"tags":[50,46,49,47,51],"class_list":["post-584","post","type-post","status-publish","format-standard","has-post-thumbnail","hentry","category-life","category-personal","category-stories","tag-historias-de-artistas","tag-life","tag-old-log","tag-stories","tag-vida-de-artista"],"yoast_head":"<!-- This site is optimized with the Yoast SEO plugin v28.3 - https:\/\/yoast.com\/product\/yoast-seo-wordpress\/ -->\n<title>La caminata - Jairo Campos<\/title>\n<meta name=\"description\" content=\"Esta es una peque\u00f1a historia sobre como comence el habito de caminar conscientemente y como me ha ayudado en la meditaci\u00f3n.\" \/>\n<meta name=\"robots\" content=\"index, follow, max-snippet:-1, max-image-preview:large, max-video-preview:-1\" \/>\n<link rel=\"canonical\" href=\"https:\/\/jairocampos.com\/site\/caminat\/\" \/>\n<meta property=\"og:locale\" content=\"en_US\" \/>\n<meta property=\"og:type\" content=\"article\" \/>\n<meta property=\"og:title\" content=\"La caminata - Jairo Campos\" \/>\n<meta property=\"og:description\" content=\"Esta es una peque\u00f1a historia sobre como comence el habito de caminar conscientemente y como me ha ayudado en la meditaci\u00f3n.\" \/>\n<meta property=\"og:url\" content=\"https:\/\/jairocampos.com\/site\/caminat\/\" \/>\n<meta property=\"og:site_name\" content=\"Jairo Campos\" \/>\n<meta property=\"article:published_time\" content=\"2019-02-21T04:30:00+00:00\" \/>\n<meta property=\"article:modified_time\" content=\"2023-07-22T23:16:17+00:00\" \/>\n<meta property=\"og:image\" content=\"https:\/\/jairocampos.com\/site\/wp-content\/uploads\/2023\/07\/9D388E58-5FFC-4D93-997C-5FB7A8D85625-2989-000004E3C188FD64.jpg\" \/>\n\t<meta property=\"og:image:width\" content=\"720\" \/>\n\t<meta property=\"og:image:height\" content=\"1080\" \/>\n\t<meta property=\"og:image:type\" content=\"image\/jpeg\" \/>\n<meta name=\"author\" content=\"Jairo Campos\" \/>\n<meta name=\"twitter:card\" content=\"summary_large_image\" \/>\n<meta name=\"twitter:label1\" content=\"Written by\" \/>\n\t<meta name=\"twitter:data1\" content=\"Jairo Campos\" \/>\n\t<meta name=\"twitter:label2\" content=\"Est. reading time\" \/>\n\t<meta name=\"twitter:data2\" content=\"1 minute\" \/>\n<script type=\"application\/ld+json\" class=\"yoast-schema-graph\">{\"@context\":\"https:\\\/\\\/schema.org\",\"@graph\":[{\"@type\":\"Article\",\"@id\":\"https:\\\/\\\/jairocampos.com\\\/site\\\/caminat\\\/#article\",\"isPartOf\":{\"@id\":\"https:\\\/\\\/jairocampos.com\\\/site\\\/caminat\\\/\"},\"author\":{\"name\":\"Jairo Campos\",\"@id\":\"https:\\\/\\\/jairocampos.com\\\/site\\\/#\\\/schema\\\/person\\\/e217435e5161437de6b76afe79a3e18b\"},\"headline\":\"La caminata\",\"datePublished\":\"2019-02-21T04:30:00+00:00\",\"dateModified\":\"2023-07-22T23:16:17+00:00\",\"mainEntityOfPage\":{\"@id\":\"https:\\\/\\\/jairocampos.com\\\/site\\\/caminat\\\/\"},\"wordCount\":228,\"publisher\":{\"@id\":\"https:\\\/\\\/jairocampos.com\\\/site\\\/#\\\/schema\\\/person\\\/e217435e5161437de6b76afe79a3e18b\"},\"image\":{\"@id\":\"https:\\\/\\\/jairocampos.com\\\/site\\\/caminat\\\/#primaryimage\"},\"thumbnailUrl\":\"https:\\\/\\\/jairocampos.com\\\/site\\\/wp-content\\\/uploads\\\/2023\\\/07\\\/9D388E58-5FFC-4D93-997C-5FB7A8D85625-2989-000004E3C188FD64.jpg\",\"keywords\":[\"historias de artistas\",\"life\",\"old log\",\"stories\",\"vida de artista\"],\"articleSection\":[\"life\",\"personal\",\"stories\"],\"inLanguage\":\"en-US\"},{\"@type\":\"WebPage\",\"@id\":\"https:\\\/\\\/jairocampos.com\\\/site\\\/caminat\\\/\",\"url\":\"https:\\\/\\\/jairocampos.com\\\/site\\\/caminat\\\/\",\"name\":\"La caminata - Jairo Campos\",\"isPartOf\":{\"@id\":\"https:\\\/\\\/jairocampos.com\\\/site\\\/#website\"},\"primaryImageOfPage\":{\"@id\":\"https:\\\/\\\/jairocampos.com\\\/site\\\/caminat\\\/#primaryimage\"},\"image\":{\"@id\":\"https:\\\/\\\/jairocampos.com\\\/site\\\/caminat\\\/#primaryimage\"},\"thumbnailUrl\":\"https:\\\/\\\/jairocampos.com\\\/site\\\/wp-content\\\/uploads\\\/2023\\\/07\\\/9D388E58-5FFC-4D93-997C-5FB7A8D85625-2989-000004E3C188FD64.jpg\",\"datePublished\":\"2019-02-21T04:30:00+00:00\",\"dateModified\":\"2023-07-22T23:16:17+00:00\",\"description\":\"Esta es una peque\u00f1a historia sobre como comence el habito de caminar conscientemente y como me ha ayudado en la meditaci\u00f3n.\",\"breadcrumb\":{\"@id\":\"https:\\\/\\\/jairocampos.com\\\/site\\\/caminat\\\/#breadcrumb\"},\"inLanguage\":\"en-US\",\"potentialAction\":[{\"@type\":\"ReadAction\",\"target\":[\"https:\\\/\\\/jairocampos.com\\\/site\\\/caminat\\\/\"]}]},{\"@type\":\"ImageObject\",\"inLanguage\":\"en-US\",\"@id\":\"https:\\\/\\\/jairocampos.com\\\/site\\\/caminat\\\/#primaryimage\",\"url\":\"https:\\\/\\\/jairocampos.com\\\/site\\\/wp-content\\\/uploads\\\/2023\\\/07\\\/9D388E58-5FFC-4D93-997C-5FB7A8D85625-2989-000004E3C188FD64.jpg\",\"contentUrl\":\"https:\\\/\\\/jairocampos.com\\\/site\\\/wp-content\\\/uploads\\\/2023\\\/07\\\/9D388E58-5FFC-4D93-997C-5FB7A8D85625-2989-000004E3C188FD64.jpg\",\"width\":720,\"height\":1080},{\"@type\":\"BreadcrumbList\",\"@id\":\"https:\\\/\\\/jairocampos.com\\\/site\\\/caminat\\\/#breadcrumb\",\"itemListElement\":[{\"@type\":\"ListItem\",\"position\":1,\"name\":\"Home\",\"item\":\"https:\\\/\\\/jairocampos.com\\\/site\\\/\"},{\"@type\":\"ListItem\",\"position\":2,\"name\":\"La caminata\"}]},{\"@type\":\"WebSite\",\"@id\":\"https:\\\/\\\/jairocampos.com\\\/site\\\/#website\",\"url\":\"https:\\\/\\\/jairocampos.com\\\/site\\\/\",\"name\":\"Jairo Campos Portfolio\",\"description\":\"Visual Artist \u00d7 Graphic Designer\",\"publisher\":{\"@id\":\"https:\\\/\\\/jairocampos.com\\\/site\\\/#\\\/schema\\\/person\\\/e217435e5161437de6b76afe79a3e18b\"},\"potentialAction\":[{\"@type\":\"SearchAction\",\"target\":{\"@type\":\"EntryPoint\",\"urlTemplate\":\"https:\\\/\\\/jairocampos.com\\\/site\\\/?s={search_term_string}\"},\"query-input\":{\"@type\":\"PropertyValueSpecification\",\"valueRequired\":true,\"valueName\":\"search_term_string\"}}],\"inLanguage\":\"en-US\"},{\"@type\":[\"Person\",\"Organization\"],\"@id\":\"https:\\\/\\\/jairocampos.com\\\/site\\\/#\\\/schema\\\/person\\\/e217435e5161437de6b76afe79a3e18b\",\"name\":\"Jairo Campos\",\"image\":{\"@type\":\"ImageObject\",\"inLanguage\":\"en-US\",\"@id\":\"https:\\\/\\\/secure.gravatar.com\\\/avatar\\\/bcd8323841e8693231d062515b3c1852700a5884c9b2bc43ca4f49d5e5c77e96?s=96&d=mm&r=g\",\"url\":\"https:\\\/\\\/secure.gravatar.com\\\/avatar\\\/bcd8323841e8693231d062515b3c1852700a5884c9b2bc43ca4f49d5e5c77e96?s=96&d=mm&r=g\",\"contentUrl\":\"https:\\\/\\\/secure.gravatar.com\\\/avatar\\\/bcd8323841e8693231d062515b3c1852700a5884c9b2bc43ca4f49d5e5c77e96?s=96&d=mm&r=g\",\"caption\":\"Jairo Campos\"},\"logo\":{\"@id\":\"https:\\\/\\\/secure.gravatar.com\\\/avatar\\\/bcd8323841e8693231d062515b3c1852700a5884c9b2bc43ca4f49d5e5c77e96?s=96&d=mm&r=g\"},\"sameAs\":[\"https:\\\/\\\/jairocampos.com\\\/\",\"https:\\\/\\\/www.instagram.com\\\/real.jairus\"],\"url\":\"https:\\\/\\\/jairocampos.com\\\/site\\\/author\\\/jach\\\/\"}]}<\/script>\n<!-- \/ Yoast SEO plugin. -->","yoast_head_json":{"title":"La caminata - Jairo Campos","description":"Esta es una peque\u00f1a historia sobre como comence el habito de caminar conscientemente y como me ha ayudado en la meditaci\u00f3n.","robots":{"index":"index","follow":"follow","max-snippet":"max-snippet:-1","max-image-preview":"max-image-preview:large","max-video-preview":"max-video-preview:-1"},"canonical":"https:\/\/jairocampos.com\/site\/caminat\/","og_locale":"en_US","og_type":"article","og_title":"La caminata - Jairo Campos","og_description":"Esta es una peque\u00f1a historia sobre como comence el habito de caminar conscientemente y como me ha ayudado en la meditaci\u00f3n.","og_url":"https:\/\/jairocampos.com\/site\/caminat\/","og_site_name":"Jairo Campos","article_published_time":"2019-02-21T04:30:00+00:00","article_modified_time":"2023-07-22T23:16:17+00:00","og_image":[{"width":720,"height":1080,"url":"https:\/\/jairocampos.com\/site\/wp-content\/uploads\/2023\/07\/9D388E58-5FFC-4D93-997C-5FB7A8D85625-2989-000004E3C188FD64.jpg","type":"image\/jpeg"}],"author":"Jairo Campos","twitter_card":"summary_large_image","twitter_misc":{"Written by":"Jairo Campos","Est. reading time":"1 minute"},"schema":{"@context":"https:\/\/schema.org","@graph":[{"@type":"Article","@id":"https:\/\/jairocampos.com\/site\/caminat\/#article","isPartOf":{"@id":"https:\/\/jairocampos.com\/site\/caminat\/"},"author":{"name":"Jairo Campos","@id":"https:\/\/jairocampos.com\/site\/#\/schema\/person\/e217435e5161437de6b76afe79a3e18b"},"headline":"La caminata","datePublished":"2019-02-21T04:30:00+00:00","dateModified":"2023-07-22T23:16:17+00:00","mainEntityOfPage":{"@id":"https:\/\/jairocampos.com\/site\/caminat\/"},"wordCount":228,"publisher":{"@id":"https:\/\/jairocampos.com\/site\/#\/schema\/person\/e217435e5161437de6b76afe79a3e18b"},"image":{"@id":"https:\/\/jairocampos.com\/site\/caminat\/#primaryimage"},"thumbnailUrl":"https:\/\/jairocampos.com\/site\/wp-content\/uploads\/2023\/07\/9D388E58-5FFC-4D93-997C-5FB7A8D85625-2989-000004E3C188FD64.jpg","keywords":["historias de artistas","life","old log","stories","vida de artista"],"articleSection":["life","personal","stories"],"inLanguage":"en-US"},{"@type":"WebPage","@id":"https:\/\/jairocampos.com\/site\/caminat\/","url":"https:\/\/jairocampos.com\/site\/caminat\/","name":"La caminata - Jairo Campos","isPartOf":{"@id":"https:\/\/jairocampos.com\/site\/#website"},"primaryImageOfPage":{"@id":"https:\/\/jairocampos.com\/site\/caminat\/#primaryimage"},"image":{"@id":"https:\/\/jairocampos.com\/site\/caminat\/#primaryimage"},"thumbnailUrl":"https:\/\/jairocampos.com\/site\/wp-content\/uploads\/2023\/07\/9D388E58-5FFC-4D93-997C-5FB7A8D85625-2989-000004E3C188FD64.jpg","datePublished":"2019-02-21T04:30:00+00:00","dateModified":"2023-07-22T23:16:17+00:00","description":"Esta es una peque\u00f1a historia sobre como comence el habito de caminar conscientemente y como me ha ayudado en la meditaci\u00f3n.","breadcrumb":{"@id":"https:\/\/jairocampos.com\/site\/caminat\/#breadcrumb"},"inLanguage":"en-US","potentialAction":[{"@type":"ReadAction","target":["https:\/\/jairocampos.com\/site\/caminat\/"]}]},{"@type":"ImageObject","inLanguage":"en-US","@id":"https:\/\/jairocampos.com\/site\/caminat\/#primaryimage","url":"https:\/\/jairocampos.com\/site\/wp-content\/uploads\/2023\/07\/9D388E58-5FFC-4D93-997C-5FB7A8D85625-2989-000004E3C188FD64.jpg","contentUrl":"https:\/\/jairocampos.com\/site\/wp-content\/uploads\/2023\/07\/9D388E58-5FFC-4D93-997C-5FB7A8D85625-2989-000004E3C188FD64.jpg","width":720,"height":1080},{"@type":"BreadcrumbList","@id":"https:\/\/jairocampos.com\/site\/caminat\/#breadcrumb","itemListElement":[{"@type":"ListItem","position":1,"name":"Home","item":"https:\/\/jairocampos.com\/site\/"},{"@type":"ListItem","position":2,"name":"La caminata"}]},{"@type":"WebSite","@id":"https:\/\/jairocampos.com\/site\/#website","url":"https:\/\/jairocampos.com\/site\/","name":"Jairo Campos Portfolio","description":"Visual Artist \u00d7 Graphic Designer","publisher":{"@id":"https:\/\/jairocampos.com\/site\/#\/schema\/person\/e217435e5161437de6b76afe79a3e18b"},"potentialAction":[{"@type":"SearchAction","target":{"@type":"EntryPoint","urlTemplate":"https:\/\/jairocampos.com\/site\/?s={search_term_string}"},"query-input":{"@type":"PropertyValueSpecification","valueRequired":true,"valueName":"search_term_string"}}],"inLanguage":"en-US"},{"@type":["Person","Organization"],"@id":"https:\/\/jairocampos.com\/site\/#\/schema\/person\/e217435e5161437de6b76afe79a3e18b","name":"Jairo Campos","image":{"@type":"ImageObject","inLanguage":"en-US","@id":"https:\/\/secure.gravatar.com\/avatar\/bcd8323841e8693231d062515b3c1852700a5884c9b2bc43ca4f49d5e5c77e96?s=96&d=mm&r=g","url":"https:\/\/secure.gravatar.com\/avatar\/bcd8323841e8693231d062515b3c1852700a5884c9b2bc43ca4f49d5e5c77e96?s=96&d=mm&r=g","contentUrl":"https:\/\/secure.gravatar.com\/avatar\/bcd8323841e8693231d062515b3c1852700a5884c9b2bc43ca4f49d5e5c77e96?s=96&d=mm&r=g","caption":"Jairo Campos"},"logo":{"@id":"https:\/\/secure.gravatar.com\/avatar\/bcd8323841e8693231d062515b3c1852700a5884c9b2bc43ca4f49d5e5c77e96?s=96&d=mm&r=g"},"sameAs":["https:\/\/jairocampos.com\/","https:\/\/www.instagram.com\/real.jairus"],"url":"https:\/\/jairocampos.com\/site\/author\/jach\/"}]}},"_links":{"self":[{"href":"https:\/\/jairocampos.com\/site\/wp-json\/wp\/v2\/posts\/584","targetHints":{"allow":["GET"]}}],"collection":[{"href":"https:\/\/jairocampos.com\/site\/wp-json\/wp\/v2\/posts"}],"about":[{"href":"https:\/\/jairocampos.com\/site\/wp-json\/wp\/v2\/types\/post"}],"author":[{"embeddable":true,"href":"https:\/\/jairocampos.com\/site\/wp-json\/wp\/v2\/users\/1"}],"replies":[{"embeddable":true,"href":"https:\/\/jairocampos.com\/site\/wp-json\/wp\/v2\/comments?post=584"}],"version-history":[{"count":1,"href":"https:\/\/jairocampos.com\/site\/wp-json\/wp\/v2\/posts\/584\/revisions"}],"predecessor-version":[{"id":586,"href":"https:\/\/jairocampos.com\/site\/wp-json\/wp\/v2\/posts\/584\/revisions\/586"}],"wp:featuredmedia":[{"embeddable":true,"href":"https:\/\/jairocampos.com\/site\/wp-json\/wp\/v2\/media\/585"}],"wp:attachment":[{"href":"https:\/\/jairocampos.com\/site\/wp-json\/wp\/v2\/media?parent=584"}],"wp:term":[{"taxonomy":"category","embeddable":true,"href":"https:\/\/jairocampos.com\/site\/wp-json\/wp\/v2\/categories?post=584"},{"taxonomy":"post_tag","embeddable":true,"href":"https:\/\/jairocampos.com\/site\/wp-json\/wp\/v2\/tags?post=584"}],"curies":[{"name":"wp","href":"https:\/\/api.w.org\/{rel}","templated":true}]}}